{"id":2182,"date":"2024-04-25T18:44:04","date_gmt":"2024-04-25T16:44:04","guid":{"rendered":"https:\/\/hermonville.en-construction.eu\/?page_id=2182"},"modified":"2025-02-20T12:21:15","modified_gmt":"2025-02-20T11:21:15","slug":"ehpad","status":"publish","type":"post","link":"https:\/\/hermonville.fr\/index.php\/2024\/04\/25\/ehpad\/","title":{"rendered":"EHPAD"},"content":{"rendered":"\t\t<div data-elementor-type=\"wp-page\" data-elementor-id=\"2182\" class=\"elementor elementor-2182\" data-elementor-post-type=\"post\">\n\t\t\t\t<div class=\"elementor-element elementor-element-23b84e6 e-flex e-con-boxed e-con e-parent\" data-id=\"23b84e6\" data-element_type=\"container\" data-e-type=\"container\">\n\t\t\t\t\t<div class=\"e-con-inner\">\n\t\t\t\t<div class=\"elementor-element elementor-element-211cbf9 elementor-headline--style-highlight elementor-widget elementor-widget-animated-headline\" data-id=\"211cbf9\" data-element_type=\"widget\" data-e-type=\"widget\" data-settings=\"{&quot;marker&quot;:&quot;underline&quot;,&quot;headline_style&quot;:&quot;highlight&quot;,&quot;loop&quot;:&quot;yes&quot;,&quot;highlight_animation_duration&quot;:1200,&quot;highlight_iteration_delay&quot;:8000}\" data-widget_type=\"animated-headline.default\">\n\t\t\t\t<div class=\"elementor-widget-container\">\n\t\t\t\t\t\t\t<h3 class=\"elementor-headline\">\n\t\t\t\t<span class=\"elementor-headline-dynamic-wrapper elementor-headline-text-wrapper\">\n\t\t\t\t<\/span>\n\t\t\t\t<\/h3>\n\t\t\t\t\t\t<\/div>\n\t\t\t\t<\/div>\n\t\t\t\t\t<\/div>\n\t\t\t\t<\/div>\n\t\t<div class=\"elementor-element elementor-element-3543d66 e-flex e-con-boxed e-con e-parent\" data-id=\"3543d66\" data-element_type=\"container\" data-e-type=\"container\">\n\t\t\t\t\t<div class=\"e-con-inner\">\n\t\t<div class=\"elementor-element elementor-element-096ad6e e-con-full e-flex e-con e-child\" data-id=\"096ad6e\" data-element_type=\"container\" data-e-type=\"container\">\n\t\t\t\t<div class=\"elementor-element elementor-element-bd88fee elementor-widget elementor-widget-image\" data-id=\"bd88fee\" data-element_type=\"widget\" data-e-type=\"widget\" data-widget_type=\"image.default\">\n\t\t\t\t<div class=\"elementor-widget-container\">\n\t\t\t\t\t\t\t\t\t\t\t\t\t\t\t<img fetchpriority=\"high\" decoding=\"async\" width=\"800\" height=\"400\" src=\"https:\/\/hermonville.fr\/wp-content\/uploads\/2025\/02\/Ehpad-1024x512.jpg\" class=\"attachment-large size-large wp-image-5011\" alt=\"\" srcset=\"https:\/\/hermonville.fr\/wp-content\/uploads\/2025\/02\/Ehpad-1024x512.jpg 1024w, https:\/\/hermonville.fr\/wp-content\/uploads\/2025\/02\/Ehpad-300x150.jpg 300w, https:\/\/hermonville.fr\/wp-content\/uploads\/2025\/02\/Ehpad-768x384.jpg 768w, https:\/\/hermonville.fr\/wp-content\/uploads\/2025\/02\/Ehpad.jpg 1536w\" sizes=\"(max-width: 800px) 100vw, 800px\" \/>\t\t\t\t\t\t\t\t\t\t\t\t\t\t\t<\/div>\n\t\t\t\t<\/div>\n\t\t\t\t<\/div>\n\t\t<div class=\"elementor-element elementor-element-e8c32a5 e-con-full e-flex e-con e-child\" data-id=\"e8c32a5\" data-element_type=\"container\" data-e-type=\"container\">\n\t\t\t\t<div class=\"elementor-element elementor-element-7a366e7 elementor-widget elementor-widget-heading\" data-id=\"7a366e7\" data-element_type=\"widget\" data-e-type=\"widget\" data-widget_type=\"heading.default\">\n\t\t\t\t<div class=\"elementor-widget-container\">\n\t\t\t\t\t<h2 class=\"elementor-heading-title elementor-size-default\">Maison de retraite<\/h2>\t\t\t\t<\/div>\n\t\t\t\t<\/div>\n\t\t\t\t<div class=\"elementor-element elementor-element-acde19b elementor-widget elementor-widget-text-editor\" data-id=\"acde19b\" data-element_type=\"widget\" data-e-type=\"widget\" data-widget_type=\"text-editor.default\">\n\t\t\t\t<div class=\"elementor-widget-container\">\n\t\t\t\t\t\t\t\t\t<p class=\"p1\">La R\u00e9sidence de l\u2019Ardre est un EHPAD (Etablissement hospitalier pour personnes \u00e2g\u00e9es d\u00e9pendantes) mis en place le 21 avril 1987, aujourd\u2019hui g\u00e9r\u00e9 par le groupe Bridge.<\/p><p class=\"p1\">R\u00e9sidence de l\u2019Ardre<\/p><p class=\"p1\">Ch\u00e2teau d\u2019Avesnes<\/p><p class=\"p1\">2 place de la Mairie<\/p><p class=\"p1\">03 26 61 56 10<\/p><p class=\"p1\">Directrice : Fatiha Idami<\/p><p class=\"p2\"><a href=\"mailto:direction@residencedelardre.com\">direction@residencedelardre.com<\/a><\/p>\t\t\t\t\t\t\t\t<\/div>\n\t\t\t\t<\/div>\n\t\t\t\t<\/div>\n\t\t\t\t\t<\/div>\n\t\t\t\t<\/div>\n\t\t\t\t<\/div>\n\t\t","protected":false},"excerpt":{"rendered":"<p>Maison de retraite La R\u00e9sidence de l\u2019Ardre est un EHPAD (Etablissement hospitalier pour personnes \u00e2g\u00e9es d\u00e9pendantes) mis en place le 21 avril 1987, aujourd\u2019hui g\u00e9r\u00e9 par le groupe Bridge. R\u00e9sidence de l\u2019Ardre Ch\u00e2teau d\u2019Avesnes 2 place de la Mairie 03 26 61 56 10 Directrice : Fatiha Idami direction@residencedelardre.com<\/p>\n","protected":false},"author":2,"featured_media":5011,"comment_status":"closed","ping_status":"closed","sticky":false,"template":"","format":"standard","meta":{"footnotes":""},"categories":[1],"tags":[],"class_list":["post-2182","post","type-post","status-publish","format-standard","has-post-thumbnail","hentry","category-non-classe"],"_links":{"self":[{"href":"https:\/\/hermonville.fr\/index.php\/wp-json\/wp\/v2\/posts\/2182","targetHints":{"allow":["GET"]}}],"collection":[{"href":"https:\/\/hermonville.fr\/index.php\/wp-json\/wp\/v2\/posts"}],"about":[{"href":"https:\/\/hermonville.fr\/index.php\/wp-json\/wp\/v2\/types\/post"}],"author":[{"embeddable":true,"href":"https:\/\/hermonville.fr\/index.php\/wp-json\/wp\/v2\/users\/2"}],"replies":[{"embeddable":true,"href":"https:\/\/hermonville.fr\/index.php\/wp-json\/wp\/v2\/comments?post=2182"}],"version-history":[{"count":0,"href":"https:\/\/hermonville.fr\/index.php\/wp-json\/wp\/v2\/posts\/2182\/revisions"}],"wp:featuredmedia":[{"embeddable":true,"href":"https:\/\/hermonville.fr\/index.php\/wp-json\/wp\/v2\/media\/5011"}],"wp:attachment":[{"href":"https:\/\/hermonville.fr\/index.php\/wp-json\/wp\/v2\/media?parent=2182"}],"wp:term":[{"taxonomy":"category","embeddable":true,"href":"https:\/\/hermonville.fr\/index.php\/wp-json\/wp\/v2\/categories?post=2182"},{"taxonomy":"post_tag","embeddable":true,"href":"https:\/\/hermonville.fr\/index.php\/wp-json\/wp\/v2\/tags?post=2182"}],"curies":[{"name":"wp","href":"https:\/\/api.w.org\/{rel}","templated":true}]}}